{"id":208799,"date":"2026-04-29T05:26:02","date_gmt":"2026-04-29T09:26:02","guid":{"rendered":"https:\/\/mspontocom.com.br\/site\/?p=208799"},"modified":"2026-04-29T05:26:02","modified_gmt":"2026-04-29T09:26:02","slug":"moraes-diz-que-politicos-usam-o-stf-como-escada-eleitoral","status":"publish","type":"post","link":"https:\/\/mspontocom.com.br\/site\/moraes-diz-que-politicos-usam-o-stf-como-escada-eleitoral\/","title":{"rendered":"Moraes diz que pol\u00edticos usam o STF como \u2018escada eleitoral\u2019"},"content":{"rendered":"<p style=\"text-align: justify;\"><img loading=\"lazy\" class=\"alignnone size-large wp-image-208800\" src=\"http:\/\/mspontocom.com.br\/site\/wp-content\/uploads\/2026\/04\/site-moraes-diz-que-politicos-usam-o-como-escada-eleitoral-alemastermulher-1024x614.jpeg\" alt=\"\" width=\"1024\" height=\"614\" srcset=\"https:\/\/mspontocom.com.br\/site\/wp-content\/uploads\/2026\/04\/site-moraes-diz-que-politicos-usam-o-como-escada-eleitoral-alemastermulher-1024x614.jpeg 1024w, https:\/\/mspontocom.com.br\/site\/wp-content\/uploads\/2026\/04\/site-moraes-diz-que-politicos-usam-o-como-escada-eleitoral-alemastermulher-260x156.jpeg 260w, https:\/\/mspontocom.com.br\/site\/wp-content\/uploads\/2026\/04\/site-moraes-diz-que-politicos-usam-o-como-escada-eleitoral-alemastermulher-768x461.jpeg 768w, https:\/\/mspontocom.com.br\/site\/wp-content\/uploads\/2026\/04\/site-moraes-diz-que-politicos-usam-o-como-escada-eleitoral-alemastermulher-1536x922.jpeg 1536w, https:\/\/mspontocom.com.br\/site\/wp-content\/uploads\/2026\/04\/site-moraes-diz-que-politicos-usam-o-como-escada-eleitoral-alemastermulher.jpeg 1600w\" sizes=\"(max-width: 1024px) 100vw, 1024px\" \/>O ministro do STF Alexandre de Moraes disse durante julgamento no plen\u00e1rio nesta ter\u00e7a-feira (28) que alguns pol\u00edticos <strong>utilizam do poder Judici\u00e1rio como \u201cescada eleitoral\u201d<\/strong>\u00a0como parte de suas campanhas.<\/p>\n<blockquote><p><em> \u201cPol\u00edticos que n\u00e3o tem voto necess\u00e1rio para atingir as candidaturas acabam querendo ofender o poder Judici\u00e1rio, a honra e a dignidade dos membros do poder Judici\u00e1rio, utilizando-nos como escada eleitoral\u201d, disse.<\/em><\/p><\/blockquote>\n<p><strong>O mspontocom tamb\u00e9m acha que alguns ministros &#8220;intocv\u00e1veis&#8221; do Supremo usam a Corte como escada financeira para si e seus conjuges.<\/strong><\/p>\n<p style=\"text-align: justify;\">Moraes ressaltou ainda que \u201crecentes pesquisas\u201d mostraram que esses pol\u00edticos deixam de discutir temas importantes para suas candidaturas como: sa\u00fade, educa\u00e7\u00e3o, seguran\u00e7a p\u00fablica ou o que fizeram em seus mandatos e passam a\u201cpegar uma escada em uma suposta polariza\u00e7\u00e3o contra o STF\u201d n\u00e3o de maneira cr\u00edtica, mas com \u201cagress\u00e3o verbal\u201d.<\/p>\n<h2 style=\"text-align: justify;\">Conflito STF x Zema<\/h2>\n<p style=\"text-align: justify;\">O ex-governador de Minas Gerais e pr\u00e9-candidato \u00e0 presid\u00eancia Romeu Zema (Novo) publicou um v\u00eddeo de s\u00e1tira, no dia 1\u00ba de mar\u00e7o, que retrata, o tamb\u00e9m ministro do STF Gilmar Mendes, pedindo uma troca de favores ao magistrado Dias Toffoli em meio ao esc\u00e2ndalo do Banco Master.<\/p>\n<p style=\"text-align: justify;\">Ap\u00f3s as postagens do mineiro, Gilmar Mendes enviou uma representa\u00e7\u00e3o ao ministro Alexandre de Moraes no dia 20 de abril pedindo a investiga\u00e7\u00e3o do pr\u00e9-candidato \u00e0 presid\u00eancia. O ministro apontou a suspeita de ind\u00edcios de crime na publica\u00e7\u00e3o.<\/p>\n<p style=\"text-align: justify;\">Moraes pediu uma\u00a0manifesta\u00e7\u00e3o da PGR\u00a0antes de decidir sobre a inclus\u00e3o de Zema no inqu\u00e9rito.<\/p>\n<p style=\"text-align: justify;\"><span style=\"color: #444444;\"><span style=\"font-family: Ubuntu, Helvetica, Arial, sans-serif;\"><span style=\"font-size: large;\"><i><b>Continue em nossa companhia em:<\/b><\/i><\/span><\/span><\/span><span style=\"color: #444444;\"><span style=\"font-family: Montserrat;\"><span style=\"font-size: medium;\">\u00a0<\/span><\/span><\/span><a href=\"http:\/\/www.mspontocom.com.br\/\"><span style=\"color: #0000ff;\"><span style=\"font-family: Comic Sans MS, cursive;\"><span style=\"font-size: medium;\"><u>www.mspontocom.com.br<\/u><\/span><\/span><\/span><\/a><\/p>\n","protected":false},"excerpt":{"rendered":"<p>O ministro do STF Alexandre de Moraes disse durante julgamento no plen\u00e1rio nesta ter\u00e7a-feira (28) que alguns pol\u00edticos utilizam do poder Judici\u00e1rio como \u201cescada eleitoral\u201d\u00a0como parte de suas campanhas. \u201cPol\u00edticos que n\u00e3o tem voto necess\u00e1rio para atingir as candidaturas acabam querendo ofender o poder Judici\u00e1rio, a honra e a dignidade dos membros do poder Judici\u00e1rio, [&hellip;]<\/p>\n","protected":false},"author":2,"featured_media":208800,"comment_status":"open","ping_status":"open","sticky":false,"template":"","format":"standard","meta":{"_monsterinsights_skip_tracking":false,"_monsterinsights_sitenote_active":false,"_monsterinsights_sitenote_note":"","_monsterinsights_sitenote_category":0},"categories":[6,30260,2528,30259,12],"tags":[44562,35247,22290,3014],"aioseo_notices":[],"_links":{"self":[{"href":"https:\/\/mspontocom.com.br\/site\/wp-json\/wp\/v2\/posts\/208799"}],"collection":[{"href":"https:\/\/mspontocom.com.br\/site\/wp-json\/wp\/v2\/posts"}],"about":[{"href":"https:\/\/mspontocom.com.br\/site\/wp-json\/wp\/v2\/types\/post"}],"author":[{"embeddable":true,"href":"https:\/\/mspontocom.com.br\/site\/wp-json\/wp\/v2\/users\/2"}],"replies":[{"embeddable":true,"href":"https:\/\/mspontocom.com.br\/site\/wp-json\/wp\/v2\/comments?post=208799"}],"version-history":[{"count":2,"href":"https:\/\/mspontocom.com.br\/site\/wp-json\/wp\/v2\/posts\/208799\/revisions"}],"predecessor-version":[{"id":208802,"href":"https:\/\/mspontocom.com.br\/site\/wp-json\/wp\/v2\/posts\/208799\/revisions\/208802"}],"wp:featuredmedia":[{"embeddable":true,"href":"https:\/\/mspontocom.com.br\/site\/wp-json\/wp\/v2\/media\/208800"}],"wp:attachment":[{"href":"https:\/\/mspontocom.com.br\/site\/wp-json\/wp\/v2\/media?parent=208799"}],"wp:term":[{"taxonomy":"category","embeddable":true,"href":"https:\/\/mspontocom.com.br\/site\/wp-json\/wp\/v2\/categories?post=208799"},{"taxonomy":"post_tag","embeddable":true,"href":"https:\/\/mspontocom.com.br\/site\/wp-json\/wp\/v2\/tags?post=208799"}],"curies":[{"name":"wp","href":"https:\/\/api.w.org\/{rel}","templated":true}]}}