{"id":208803,"date":"2026-04-29T06:24:04","date_gmt":"2026-04-29T10:24:04","guid":{"rendered":"https:\/\/mspontocom.com.br\/site\/?p=208803"},"modified":"2026-04-29T06:24:04","modified_gmt":"2026-04-29T10:24:04","slug":"stf-torna-reu-malafaia-por-chamar-exercito-de-frouxo","status":"publish","type":"post","link":"https:\/\/mspontocom.com.br\/site\/stf-torna-reu-malafaia-por-chamar-exercito-de-frouxo\/","title":{"rendered":"STF torna r\u00e9u Malafaia por chamar Ex\u00e9rcito de \u201cfrouxo\u201d"},"content":{"rendered":"<p class=\"postParagraph_post-paragraph__juWZN postParagraph_post-paragraph-innerHtml__Q5vwc\" style=\"text-align: justify;\"><img loading=\"lazy\" class=\"alignnone size-full wp-image-208804\" src=\"http:\/\/mspontocom.com.br\/site\/wp-content\/uploads\/2026\/04\/site-stf-torna-reu-malafaia-por-chamar-exercito-de-frouxo-melancia.jpg\" alt=\"\" width=\"600\" height=\"381\" srcset=\"https:\/\/mspontocom.com.br\/site\/wp-content\/uploads\/2026\/04\/site-stf-torna-reu-malafaia-por-chamar-exercito-de-frouxo-melancia.jpg 600w, https:\/\/mspontocom.com.br\/site\/wp-content\/uploads\/2026\/04\/site-stf-torna-reu-malafaia-por-chamar-exercito-de-frouxo-melancia-260x165.jpg 260w\" sizes=\"(max-width: 600px) 100vw, 600px\" \/><\/p>\n<p class=\"postParagraph_post-paragraph__juWZN postParagraph_post-paragraph-innerHtml__Q5vwc\" style=\"text-align: justify;\">O STF decidiu nesta ter\u00e7a-feira (28) tornar r\u00e9u por suposta inj\u00faria contra o Ex\u00e9rcito o pastor Silas Malafaia.<\/p>\n<p class=\"postParagraph_post-paragraph__juWZN postParagraph_post-paragraph-innerHtml__Q5vwc\" style=\"text-align: justify;\">Malafaia fez cobran\u00e7as p\u00fablicas de a\u00e7\u00e3o aos oficiais ap\u00f3s a pris\u00e3o do general Braga Netto, os crimes de cal\u00fania e difama\u00e7\u00e3o n\u00e3o foram acolhidos na den\u00fancia.<\/p>\n<p class=\"postParagraph_post-paragraph__juWZN postParagraph_post-paragraph-innerHtml__Q5vwc\" style=\"text-align: justify;\">A defesa havia pedido o adiamento do julgamento em fun\u00e7\u00e3o de n\u00e3o estar a Primeira Turma com sua composi\u00e7\u00e3o completa.<\/p>\n<p class=\"postParagraph_post-paragraph__juWZN postParagraph_post-paragraph-innerHtml__Q5vwc\" style=\"text-align: justify;\">O pedido foi rejeitado pelo relator, <strong>Alexandre de Moraes<\/strong>, que tamb\u00e9m j\u00e1 havia votado pelo acolhimento integral da a\u00e7\u00e3o penal.<\/p>\n<p class=\"postParagraph_post-paragraph__juWZN postParagraph_post-paragraph-innerHtml__Q5vwc\" style=\"text-align: justify;\">Nesta ter\u00e7a-feira votaram a favor da a\u00e7\u00e3o os ministro<strong>s Fl\u00e1vio Dino, Cristiano Zanin e C\u00e1rmen L\u00facia<\/strong>.<\/p>\n<p class=\"postParagraph_post-paragraph__juWZN postParagraph_post-paragraph-innerHtml__Q5vwc\" style=\"text-align: justify;\">A queixa-crime foi apresentada em dezembro do ano passado pelo procurador-geral da Rep\u00fablica, Paulo Gonet, com base em\u00a0declara\u00e7\u00f5es feitas por Malafaia em abril durante um ato na Avenida Paulista, em S\u00e3o Paulo.<\/p>\n<p class=\"postParagraph_post-paragraph__juWZN postParagraph_post-paragraph-innerHtml__Q5vwc\" style=\"text-align: justify;\">Na ocasi\u00e3o, o pastor chamou generais de quatro estrelas de <strong>\u201ccambada de frouxos, covardes e omissos<\/strong>\u201d, e que n\u00e3o honrariam \u201ca farda que vestem\u201d.<\/p>\n<p class=\"postParagraph_post-paragraph__juWZN postParagraph_post-paragraph-innerHtml__Q5vwc\" style=\"text-align: justify;\">Segundo a Procuradoria-Geral da Rep\u00fablica, as declara\u00e7\u00f5es configurariam crimes de inj\u00faria e cal\u00fania e difama\u00e7\u00e3o.<\/p>\n<p class=\"postParagraph_post-paragraph__juWZN postParagraph_post-paragraph-innerHtml__Q5vwc\" style=\"text-align: justify;\">Malafaia reagiu \u00e0 den\u00fancia e a classificou como <strong>\u201ccovardia e da persegui\u00e7\u00e3o pol\u00edtica deslavada\u201d<\/strong> contra ele.<\/p>\n<p class=\"postParagraph_post-paragraph__juWZN postParagraph_post-paragraph-innerHtml__Q5vwc\" style=\"text-align: justify;\">O pastor alega que\u00a0 exerceu seu <strong>direito de liberdade de express\u00e3o<\/strong> ao criticar a postura de militares diante da pris\u00e3o do general Walter Braga Netto, preso preventivamente durante as investiga\u00e7\u00f5es da <strong>suposta<\/strong> tentativa de golpe de Estado ap\u00f3s as elei\u00e7\u00f5es de 2022.<\/p>\n<p style=\"text-align: justify;\"><span style=\"color: #444444;\"><span style=\"font-family: Ubuntu, Helvetica, Arial, sans-serif;\"><span style=\"font-size: large;\"><i><b>Continue em nossa companhia em:<\/b><\/i><\/span><\/span><\/span><span style=\"color: #444444;\"><span style=\"font-family: Montserrat;\"><span style=\"font-size: medium;\">\u00a0<\/span><\/span><\/span><a href=\"http:\/\/www.mspontocom.com.br\/\"><span style=\"color: #0000ff;\"><span style=\"font-family: Comic Sans MS, cursive;\"><span style=\"font-size: medium;\"><u>www.mspontocom.com.br<\/u><\/span><\/span><\/span><\/a><\/p>\n","protected":false},"excerpt":{"rendered":"<p>O STF decidiu nesta ter\u00e7a-feira (28) tornar r\u00e9u por suposta inj\u00faria contra o Ex\u00e9rcito o pastor Silas Malafaia. Malafaia fez cobran\u00e7as p\u00fablicas de a\u00e7\u00e3o aos oficiais ap\u00f3s a pris\u00e3o do general Braga Netto, os crimes de cal\u00fania e difama\u00e7\u00e3o n\u00e3o foram acolhidos na den\u00fancia. A defesa havia pedido o adiamento do julgamento em fun\u00e7\u00e3o de [&hellip;]<\/p>\n","protected":false},"author":2,"featured_media":208804,"comment_status":"open","ping_status":"open","sticky":false,"template":"","format":"standard","meta":{"_monsterinsights_skip_tracking":false,"_monsterinsights_sitenote_active":false,"_monsterinsights_sitenote_note":"","_monsterinsights_sitenote_category":0},"categories":[6,30260,30259,12],"tags":[41502,1192,7041,36924,25870,3014],"aioseo_notices":[],"_links":{"self":[{"href":"https:\/\/mspontocom.com.br\/site\/wp-json\/wp\/v2\/posts\/208803"}],"collection":[{"href":"https:\/\/mspontocom.com.br\/site\/wp-json\/wp\/v2\/posts"}],"about":[{"href":"https:\/\/mspontocom.com.br\/site\/wp-json\/wp\/v2\/types\/post"}],"author":[{"embeddable":true,"href":"https:\/\/mspontocom.com.br\/site\/wp-json\/wp\/v2\/users\/2"}],"replies":[{"embeddable":true,"href":"https:\/\/mspontocom.com.br\/site\/wp-json\/wp\/v2\/comments?post=208803"}],"version-history":[{"count":1,"href":"https:\/\/mspontocom.com.br\/site\/wp-json\/wp\/v2\/posts\/208803\/revisions"}],"predecessor-version":[{"id":208805,"href":"https:\/\/mspontocom.com.br\/site\/wp-json\/wp\/v2\/posts\/208803\/revisions\/208805"}],"wp:featuredmedia":[{"embeddable":true,"href":"https:\/\/mspontocom.com.br\/site\/wp-json\/wp\/v2\/media\/208804"}],"wp:attachment":[{"href":"https:\/\/mspontocom.com.br\/site\/wp-json\/wp\/v2\/media?parent=208803"}],"wp:term":[{"taxonomy":"category","embeddable":true,"href":"https:\/\/mspontocom.com.br\/site\/wp-json\/wp\/v2\/categories?post=208803"},{"taxonomy":"post_tag","embeddable":true,"href":"https:\/\/mspontocom.com.br\/site\/wp-json\/wp\/v2\/tags?post=208803"}],"curies":[{"name":"wp","href":"https:\/\/api.w.org\/{rel}","templated":true}]}}