{"id":208809,"date":"2026-04-29T07:31:48","date_gmt":"2026-04-29T11:31:48","guid":{"rendered":"https:\/\/mspontocom.com.br\/site\/?p=208809"},"modified":"2026-04-29T07:31:48","modified_gmt":"2026-04-29T11:31:48","slug":"stf-quer-inegibilidade-de-moro-por-piada-em-festa-junina","status":"publish","type":"post","link":"https:\/\/mspontocom.com.br\/site\/stf-quer-inegibilidade-de-moro-por-piada-em-festa-junina\/","title":{"rendered":"STF quer inegibilidade de Moro por piada em festa junina"},"content":{"rendered":"<div style=\"text-align: justify;\" data-sfc-cp=\"\" data-sfc-root=\"c\" data-sfc-cb=\"\" data-hveid=\"CAEQAA\" data-processed=\"true\"><img loading=\"lazy\" class=\"alignnone size-large wp-image-208810\" src=\"http:\/\/mspontocom.com.br\/site\/wp-content\/uploads\/2026\/04\/site-stf-quer-inegibilidade-de-moro-por-piada-em-festa-junina-gilmar-2-1024x819.png\" alt=\"\" width=\"1024\" height=\"819\" srcset=\"https:\/\/mspontocom.com.br\/site\/wp-content\/uploads\/2026\/04\/site-stf-quer-inegibilidade-de-moro-por-piada-em-festa-junina-gilmar-2-1024x819.png 1024w, https:\/\/mspontocom.com.br\/site\/wp-content\/uploads\/2026\/04\/site-stf-quer-inegibilidade-de-moro-por-piada-em-festa-junina-gilmar-2-260x208.png 260w, https:\/\/mspontocom.com.br\/site\/wp-content\/uploads\/2026\/04\/site-stf-quer-inegibilidade-de-moro-por-piada-em-festa-junina-gilmar-2-768x615.png 768w, https:\/\/mspontocom.com.br\/site\/wp-content\/uploads\/2026\/04\/site-stf-quer-inegibilidade-de-moro-por-piada-em-festa-junina-gilmar-2.png 1402w\" sizes=\"(max-width: 1024px) 100vw, 1024px\" \/>Bastou todos os institutos de pesquisas colocar o senador Sergio Moro como l\u00edder ao governo do Paran\u00e1, inclusive com possibilidade de se eleger em primeiro turno, que o <strong>intoc\u00e1vel<\/strong> Supremo pensa em retira-lo da disputa.<\/div>\n<div style=\"text-align: justify;\" data-sfc-cp=\"\" data-sfc-root=\"c\" data-sfc-cb=\"\" data-hveid=\"CAEQAA\" data-processed=\"true\"><\/div>\n<div style=\"text-align: justify;\" data-sfc-cp=\"\" data-sfc-root=\"c\" data-sfc-cb=\"\" data-hveid=\"CAEQAA\" data-processed=\"true\">A Corte mostra sua avers\u00e3o aos candidatos da Direita e ojeriza \u00e1 sigla PL.<\/div>\n<div data-sfc-cp=\"\" data-sfc-root=\"c\" data-sfc-cb=\"\" data-hveid=\"CAEQAA\" data-processed=\"true\"><\/div>\n<div class=\"n6owBd awi2gc\" style=\"text-align: justify;\" data-sfc-cp=\"\" data-sfc-root=\"c\" data-sfc-cb=\"\" data-hveid=\"CAEQAA\" data-processed=\"true\"><span data-subtree=\"aimfl,mfl\">Neste contexto, a Primeira Turma do STF mant\u00e9m o senador Sergio Moro r\u00e9u por cal\u00fania contra o ministro Gilmar Mendes, ap\u00f3s rejeitar recursos em mar\u00e7o de 2026<\/span>.<\/div>\n<div style=\"text-align: justify;\" data-sfc-cp=\"\" data-sfc-root=\"c\" data-sfc-cb=\"\" data-hveid=\"CAEQAA\" data-processed=\"true\"><\/div>\n<div class=\"n6owBd awi2gc\" style=\"text-align: justify;\" data-sfc-cp=\"\" data-sfc-root=\"c\" data-sfc-cb=\"\" data-hveid=\"CAEQAA\" data-processed=\"true\">A a\u00e7\u00e3o, originada de v\u00eddeo em 2023, pode levar \u00e0 <strong>inelegibilidade<\/strong> se houver condena\u00e7\u00e3o definitiva, acelerando debates sobre seu futuro pol\u00edtico.<span class=\"uJ19be notranslate\" data-sfc-root=\"c\" data-wiz-uids=\"smWqWd_g,smWqWd_h\" data-sfc-cb=\"\"><span class=\"vKEkVd\" data-animation-atomic=\"\" data-wiz-attrbind=\"class=smWqWd_f\/TKHnVd\"><span aria-hidden=\"true\">\u00a0<\/span><\/span><\/span><\/div>\n<div style=\"text-align: justify;\" data-sfc-cp=\"\" data-sfc-root=\"c\" data-sfc-cb=\"\" data-hveid=\"CAIQAA\" data-processed=\"true\"><\/div>\n<div class=\"n6owBd awi2gc\" style=\"text-align: justify;\" data-sfc-cp=\"\" data-sfc-root=\"c\" data-sfc-cb=\"\" data-hveid=\"CAIQAA\" data-processed=\"true\"><strong class=\"Yjhzub\" data-sfc-root=\"c\" data-sfc-cb=\"\">Pontos Chave do Caso:<\/strong><\/div>\n<div style=\"text-align: justify;\" data-sfc-cp=\"\" data-sfc-root=\"c\" data-sfc-cb=\"\" data-hveid=\"CAIQAA\" data-processed=\"true\"><\/div>\n<div class=\"n6owBd awi2gc\" style=\"text-align: justify;\" data-sfc-cp=\"\" data-sfc-root=\"c\" data-sfc-cb=\"\" data-hveid=\"CAIQAA\" data-processed=\"true\"><strong class=\"Yjhzub\" data-sfc-root=\"c\" data-sfc-cb=\"\">Situa\u00e7\u00e3o Atual:<\/strong>\u00a0Moro \u00e9 r\u00e9u em a\u00e7\u00e3o penal por cal\u00fania.<\/div>\n<div class=\"\" style=\"text-align: justify;\" data-bfc=\"\" data-ved=\"2ahUKEwiv_7qh8pKUAxX3kZUCHdxiOSAQi4wTegQIAxAA\" data-processed=\"true\">\n<ul class=\"KsbFXc U6u95\" data-sfc-root=\"c\" data-sfc-cb=\"\">\n<li class=\"Z1qcYe\" data-sfc-cp=\"\" data-sfc-root=\"c\" data-sfc-cb=\"\" data-hveid=\"CAMQAg\"><span class=\"T286Pc\" data-sfc-cp=\"\" data-sfc-root=\"c\" data-sfc-cb=\"\"><strong class=\"Yjhzub\" data-sfc-root=\"c\" data-sfc-cb=\"\">Origem:<\/strong>\u00a0O v\u00eddeo mostra o senador sugerindo &#8220;comprar um habeas corpus&#8221; de Gilmar Mendes, o que foi interpretado como cal\u00fania.<\/span><\/li>\n<li class=\"Z1qcYe\" data-sfc-cp=\"\" data-sfc-root=\"c\" data-sfc-cb=\"\" data-hveid=\"CAMQAw\"><span class=\"T286Pc\" data-sfc-cp=\"\" data-sfc-root=\"c\" data-sfc-cb=\"\"><strong class=\"Yjhzub\" data-sfc-root=\"c\" data-sfc-cb=\"\">Defesa:<\/strong>\u00a0Alega que a fala foi uma <strong>&#8220;brincadeira de festa junina&#8221;.<\/strong><\/span><\/li>\n<li class=\"Z1qcYe\" data-sfc-cp=\"\" data-sfc-root=\"c\" data-sfc-cb=\"\" data-hveid=\"CAMQBA\"><span class=\"T286Pc\" data-sfc-cp=\"\" data-sfc-root=\"c\" data-sfc-cb=\"\"><strong class=\"Yjhzub\" data-sfc-root=\"c\" data-sfc-cb=\"\">Andamento no STF:<\/strong>\u00a0Em mar\u00e7o de 2026, a 1\u00aa Turma, incluindo votos de C\u00e1rmen L\u00facia, Moraes, Dino, Zanin e Fux (via\u00a0<span data-sfc-cp=\"\" data-sfc-root=\"c\" data-sfc-cb=\"\"><a class=\"H23r4e\" href=\"https:\/\/agenciabrasil.ebc.com.br\/justica\/noticia\/2025-10\/stf-mantem-decisao-que-torna-moro-reu-por-calunia-contra-gilmar-mendes\" target=\"_blank\" rel=\"noopener\" data-hveid=\"CAMQBQ\">Ag\u00eancia Brasil<\/a><\/span>), negou recursos para trancar a a\u00e7\u00e3o.<\/span><\/li>\n<li class=\"Z1qcYe\" data-sfc-cp=\"\" data-sfc-root=\"c\" data-sfc-cb=\"\" data-hveid=\"CAMQBg\"><span class=\"T286Pc\" data-sfc-cp=\"\" data-sfc-root=\"c\" data-sfc-cb=\"\"><strong class=\"Yjhzub\" data-sfc-root=\"c\" data-sfc-cb=\"\">Consequ\u00eancia:<\/strong>\u00a0Caso condenado a pena de reclus\u00e3o, pode se tornar ineleg\u00edvel <\/span><\/li>\n<\/ul>\n<\/div>\n<div class=\"\" style=\"text-align: justify;\" data-bfc=\"\" data-ved=\"2ahUKEwiv_7qh8pKUAxX3kZUCHdxiOSAQi4wTegQIBBAA\" data-processed=\"true\">\n<div class=\"n6owBd awi2gc\" data-sfc-cp=\"\" data-sfc-root=\"c\" data-sfc-cb=\"\" data-hveid=\"CAQQAQ\">Este processo representa um rev\u00e9s significativo para o ex-juiz, intensificando a press\u00e3o jur\u00eddica sobre seu mandato.<\/div>\n<\/div>\n<div style=\"text-align: justify;\" data-sfc-cp=\"\" data-sfc-root=\"c\" data-sfc-cb=\"\" data-hveid=\"CAQQAQ\"><\/div>\n<div data-sfc-cp=\"\" data-sfc-root=\"c\" data-sfc-cb=\"\" data-hveid=\"CAQQAQ\">\n<p style=\"text-align: justify;\"><span style=\"color: #444444;\"><span style=\"font-family: Ubuntu, Helvetica, Arial, sans-serif;\"><span style=\"font-size: large;\"><i><b>Continue em nossa companhia em:<\/b><\/i><\/span><\/span><\/span><span style=\"color: #444444;\"><span style=\"font-family: Montserrat;\"><span style=\"font-size: medium;\">\u00a0<\/span><\/span><\/span><a href=\"http:\/\/www.mspontocom.com.br\/\"><span style=\"color: #0000ff;\"><span style=\"font-family: Comic Sans MS, cursive;\"><span style=\"font-size: medium;\"><u>www.mspontocom.com.br<\/u><\/span><\/span><\/span><\/a><\/p>\n<\/div>\n","protected":false},"excerpt":{"rendered":"<p>Bastou todos os institutos de pesquisas colocar o senador Sergio Moro como l\u00edder ao governo do Paran\u00e1, inclusive com possibilidade de se eleger em primeiro turno, que o intoc\u00e1vel Supremo pensa em retira-lo da disputa. A Corte mostra sua avers\u00e3o aos candidatos da Direita e ojeriza \u00e1 sigla PL. Neste contexto, a Primeira Turma do [&hellip;]<\/p>\n","protected":false},"author":2,"featured_media":208810,"comment_status":"open","ping_status":"open","sticky":false,"template":"","format":"standard","meta":{"_monsterinsights_skip_tracking":false,"_monsterinsights_sitenote_active":false,"_monsterinsights_sitenote_note":"","_monsterinsights_sitenote_category":0},"categories":[2528,12],"tags":[1499,39664,23158,14645,3014],"aioseo_notices":[],"_links":{"self":[{"href":"https:\/\/mspontocom.com.br\/site\/wp-json\/wp\/v2\/posts\/208809"}],"collection":[{"href":"https:\/\/mspontocom.com.br\/site\/wp-json\/wp\/v2\/posts"}],"about":[{"href":"https:\/\/mspontocom.com.br\/site\/wp-json\/wp\/v2\/types\/post"}],"author":[{"embeddable":true,"href":"https:\/\/mspontocom.com.br\/site\/wp-json\/wp\/v2\/users\/2"}],"replies":[{"embeddable":true,"href":"https:\/\/mspontocom.com.br\/site\/wp-json\/wp\/v2\/comments?post=208809"}],"version-history":[{"count":1,"href":"https:\/\/mspontocom.com.br\/site\/wp-json\/wp\/v2\/posts\/208809\/revisions"}],"predecessor-version":[{"id":208811,"href":"https:\/\/mspontocom.com.br\/site\/wp-json\/wp\/v2\/posts\/208809\/revisions\/208811"}],"wp:featuredmedia":[{"embeddable":true,"href":"https:\/\/mspontocom.com.br\/site\/wp-json\/wp\/v2\/media\/208810"}],"wp:attachment":[{"href":"https:\/\/mspontocom.com.br\/site\/wp-json\/wp\/v2\/media?parent=208809"}],"wp:term":[{"taxonomy":"category","embeddable":true,"href":"https:\/\/mspontocom.com.br\/site\/wp-json\/wp\/v2\/categories?post=208809"},{"taxonomy":"post_tag","embeddable":true,"href":"https:\/\/mspontocom.com.br\/site\/wp-json\/wp\/v2\/tags?post=208809"}],"curies":[{"name":"wp","href":"https:\/\/api.w.org\/{rel}","templated":true}]}}