{"id":208817,"date":"2026-04-29T08:23:08","date_gmt":"2026-04-29T12:23:08","guid":{"rendered":"https:\/\/mspontocom.com.br\/site\/?p=208817"},"modified":"2026-04-29T08:23:08","modified_gmt":"2026-04-29T12:23:08","slug":"lancada-campanha-o-brasil-quer-mais-tempo-pro-escala-6-x-1","status":"publish","type":"post","link":"http:\/\/mspontocom.com.br\/site\/lancada-campanha-o-brasil-quer-mais-tempo-pro-escala-6-x-1\/","title":{"rendered":"Lan\u00e7ada Campanha \u201cO Brasil Quer Mais Tempo\u201d pr\u00f3 escala 6 x 1"},"content":{"rendered":"<p style=\"font-weight: 400; text-align: justify;\"><img loading=\"lazy\" class=\"alignnone size-full wp-image-208824\" src=\"http:\/\/mspontocom.com.br\/site\/wp-content\/uploads\/2026\/04\/site-lancada-campanha-o-brasil-quer-mais-tempo-pro-escala-6-x-1-escala.webp\" alt=\"\" width=\"1000\" height=\"496\" srcset=\"http:\/\/mspontocom.com.br\/site\/wp-content\/uploads\/2026\/04\/site-lancada-campanha-o-brasil-quer-mais-tempo-pro-escala-6-x-1-escala.webp 1000w, http:\/\/mspontocom.com.br\/site\/wp-content\/uploads\/2026\/04\/site-lancada-campanha-o-brasil-quer-mais-tempo-pro-escala-6-x-1-escala-260x129.webp 260w, http:\/\/mspontocom.com.br\/site\/wp-content\/uploads\/2026\/04\/site-lancada-campanha-o-brasil-quer-mais-tempo-pro-escala-6-x-1-escala-768x381.webp 768w\" sizes=\"(max-width: 1000px) 100vw, 1000px\" \/>O Brasil vive um momento raro de converg\u00eancia social.<\/p>\n<p style=\"font-weight: 400; text-align: justify;\">A pauta pelo fim da escala de trabalho 6&#215;1, quando o trabalhador tem apenas um dia de descanso para seis dias trabalhados, deixou de ser uma reivindica\u00e7\u00e3o isolada e se consolidou como um dos temas mais populares do pa\u00eds.<\/p>\n<p style=\"font-weight: 400; text-align: justify;\">Hoje, tr\u00eas em cada quatro brasileiros apoiam a mudan\u00e7a, transformando a proposta em uma mobiliza\u00e7\u00e3o ampla e plural.<\/p>\n<p style=\"font-weight: 400; text-align: justify;\">\u00c9 nesse contexto que nasce \u201cO Brasil Quer Mais Tempo\u201d &#8211;\u00a0<a href=\"http:\/\/www.brasilquermaistempo.com.br\/\" data-saferedirecturl=\"https:\/\/www.google.com\/url?q=http:\/\/www.brasilquermaistempo.com.br&amp;source=gmail&amp;ust=1777549773137000&amp;usg=AOvVaw0eYhOnJHap5KcSloSxVJIS\">www.brasilquermaistempo.com.br<\/a>, que busca ampliar o alcance da pauta e engajar a popula\u00e7\u00e3o de forma organizada e distribu\u00edda.<\/p>\n<p style=\"font-weight: 400; text-align: justify;\">Em apenas duas semanas, mais de 82 mil pessoas j\u00e1 declararam apoio \u00e0 causa assinando a campanha.<\/p>\n<p style=\"font-weight: 400; text-align: justify;\">A campanha nasce da sociedade civil, cresce nas redes sociais e nas ruas, e agora ganha for\u00e7a institucional.<\/p>\n<p style=\"font-weight: 400; text-align: justify;\">\u201cA Rede de Mobiliza\u00e7\u00e3o Fim da 6&#215;1 J\u00e1! re\u00fane brasileiros e brasileiras que apoiam uma jornada de trabalho mais justa e saud\u00e1vel.<\/p>\n<p style=\"font-weight: 400; text-align: justify;\">A rede de mobiliza\u00e7\u00e3o defende que o debate sobre a escala 6&#215;1 vai al\u00e9m da jornada de trabalho: trata de qualidade de vida, sa\u00fade mental, conviv\u00eancia familiar e produtividade sustent\u00e1vel.<\/p>\n<p style=\"font-weight: 400; text-align: justify;\">Para mais informa\u00e7\u00f5es sobre a campanha e fazer parte da mobiliza\u00e7\u00e3o, acesse\u00a0<a href=\"http:\/\/www.brasilquermaistempo.com.br\/\" data-saferedirecturl=\"https:\/\/www.google.com\/url?q=http:\/\/www.brasilquermaistempo.com.br&amp;source=gmail&amp;ust=1777549773137000&amp;usg=AOvVaw0eYhOnJHap5KcSloSxVJIS\">www.brasilquermaistempo.com.br<\/a>.<\/p>\n<p><span style=\"color: #444444;\"><span style=\"font-family: Ubuntu, Helvetica, Arial, sans-serif;\"><span style=\"font-size: large;\"><i><b>Continue em nossa companhia em:<\/b><\/i><\/span><\/span><\/span><span style=\"color: #444444;\"><span style=\"font-family: Montserrat;\"><span style=\"font-size: medium;\">\u00a0<\/span><\/span><\/span><a href=\"http:\/\/www.mspontocom.com.br\/\"><span style=\"color: #0000ff;\"><span style=\"font-family: Comic Sans MS, cursive;\"><span style=\"font-size: medium;\"><u>www.mspontocom.com.br<\/u><\/span><\/span><\/span><\/a><\/p>\n<p style=\"font-weight: 400; text-align: justify;\">\n","protected":false},"excerpt":{"rendered":"<p>O Brasil vive um momento raro de converg\u00eancia social. A pauta pelo fim da escala de trabalho 6&#215;1, quando o trabalhador tem apenas um dia de descanso para seis dias trabalhados, deixou de ser uma reivindica\u00e7\u00e3o isolada e se consolidou como um dos temas mais populares do pa\u00eds. Hoje, tr\u00eas em cada quatro brasileiros apoiam [&hellip;]<\/p>\n","protected":false},"author":2,"featured_media":208824,"comment_status":"open","ping_status":"open","sticky":false,"template":"","format":"standard","meta":{"_monsterinsights_skip_tracking":false,"_monsterinsights_sitenote_active":false,"_monsterinsights_sitenote_note":"","_monsterinsights_sitenote_category":0},"categories":[15,28176],"tags":[44566,1096,44567,28454],"aioseo_notices":[],"_links":{"self":[{"href":"http:\/\/mspontocom.com.br\/site\/wp-json\/wp\/v2\/posts\/208817"}],"collection":[{"href":"http:\/\/mspontocom.com.br\/site\/wp-json\/wp\/v2\/posts"}],"about":[{"href":"http:\/\/mspontocom.com.br\/site\/wp-json\/wp\/v2\/types\/post"}],"author":[{"embeddable":true,"href":"http:\/\/mspontocom.com.br\/site\/wp-json\/wp\/v2\/users\/2"}],"replies":[{"embeddable":true,"href":"http:\/\/mspontocom.com.br\/site\/wp-json\/wp\/v2\/comments?post=208817"}],"version-history":[{"count":2,"href":"http:\/\/mspontocom.com.br\/site\/wp-json\/wp\/v2\/posts\/208817\/revisions"}],"predecessor-version":[{"id":208825,"href":"http:\/\/mspontocom.com.br\/site\/wp-json\/wp\/v2\/posts\/208817\/revisions\/208825"}],"wp:featuredmedia":[{"embeddable":true,"href":"http:\/\/mspontocom.com.br\/site\/wp-json\/wp\/v2\/media\/208824"}],"wp:attachment":[{"href":"http:\/\/mspontocom.com.br\/site\/wp-json\/wp\/v2\/media?parent=208817"}],"wp:term":[{"taxonomy":"category","embeddable":true,"href":"http:\/\/mspontocom.com.br\/site\/wp-json\/wp\/v2\/categories?post=208817"},{"taxonomy":"post_tag","embeddable":true,"href":"http:\/\/mspontocom.com.br\/site\/wp-json\/wp\/v2\/tags?post=208817"}],"curies":[{"name":"wp","href":"https:\/\/api.w.org\/{rel}","templated":true}]}}