{"id":208830,"date":"2026-04-30T05:53:46","date_gmt":"2026-04-30T09:53:46","guid":{"rendered":"https:\/\/mspontocom.com.br\/site\/?p=208830"},"modified":"2026-04-30T05:53:46","modified_gmt":"2026-04-30T09:53:46","slug":"rejeicao-de-messias-e-fruto-da-opiniao-publica-sobre-o-stf","status":"publish","type":"post","link":"https:\/\/mspontocom.com.br\/site\/rejeicao-de-messias-e-fruto-da-opiniao-publica-sobre-o-stf\/","title":{"rendered":"Rejei\u00e7\u00e3o de Messias \u00e9 fruto da opini\u00e3o p\u00fablica sobre o STF"},"content":{"rendered":"<div>\n<div class=\"styles__TopAndMainSiteContainer-sc-1yv6i7m-0 eFqEGp\">\n<div class=\"styles__Navbarv2Container-sc-1tq7vc6-0 kDeUlS navbar-v3-container\">\n<div class=\"navbar-v3-content container-fixed \">\n<div class=\"container-content container\">\n<div class=\"container-left-content\"><\/div>\n<\/div>\n<\/div>\n<\/div>\n<\/div>\n<\/div>\n<div>\n<header class=\"styles__ContainerHeaderNoticiaBlockStyled-sc-17abcbt-0 kwVGSg\">\n<div class=\"container\">\n<div class=\"container-news-informs\">\n<div>\n<div class=\"container-tooltip-informs\">\n<div class=\"separator\" style=\"text-align: justify;\"><span style=\"font-size: 12pt;\"><img loading=\"lazy\" class=\"alignnone size-large wp-image-208839\" src=\"http:\/\/mspontocom.com.br\/site\/wp-content\/uploads\/2026\/04\/site-rejeicao-de-messias-e-fruto-da-opiniao-publica-sobre-o-stf-stf2-e1777542613970-1024x576.jpg\" alt=\"\" width=\"1024\" height=\"576\" srcset=\"https:\/\/mspontocom.com.br\/site\/wp-content\/uploads\/2026\/04\/site-rejeicao-de-messias-e-fruto-da-opiniao-publica-sobre-o-stf-stf2-e1777542613970-1024x576.jpg 1024w, https:\/\/mspontocom.com.br\/site\/wp-content\/uploads\/2026\/04\/site-rejeicao-de-messias-e-fruto-da-opiniao-publica-sobre-o-stf-stf2-e1777542613970-260x146.jpg 260w, https:\/\/mspontocom.com.br\/site\/wp-content\/uploads\/2026\/04\/site-rejeicao-de-messias-e-fruto-da-opiniao-publica-sobre-o-stf-stf2-e1777542613970-768x432.jpg 768w, https:\/\/mspontocom.com.br\/site\/wp-content\/uploads\/2026\/04\/site-rejeicao-de-messias-e-fruto-da-opiniao-publica-sobre-o-stf-stf2-e1777542613970-1536x864.jpg 1536w, https:\/\/mspontocom.com.br\/site\/wp-content\/uploads\/2026\/04\/site-rejeicao-de-messias-e-fruto-da-opiniao-publica-sobre-o-stf-stf2-e1777542613970.jpg 1920w\" sizes=\"(max-width: 1024px) 100vw, 1024px\" \/>Houve um alinhamento claro dos senadores com o sentimento da popula\u00e7\u00e3o em rela\u00e7\u00e3o \u00e0 Corte<\/span><\/div>\n<\/div>\n<\/div>\n<\/div>\n<\/div>\n<\/header>\n<\/div>\n<div id=\"content\" class=\"styles__ContentWrapperContainerStyled-sc-1ehbu6v-0 iMMgpd content-wrapper -paywall-parent box\">\n<div class=\"styles__ContentWrapperContainerStyled-sc-1ehbu6v-0 iMMgpd content-wrapper news-body container content template-coluna already-sliced already-checked\" data-paywall-wrapper=\"true\">\n<div>\n<p class=\"styles__ParagraphStyled-sc-6adecn-0 geGWDE theme-default \" style=\"text-align: justify;\" data-component-name=\"paragraph\">Mais do que um sinal de fraqueza do governo, incapaz de reunir votos suficientes no Senado\u00a0para aprovar a indica\u00e7\u00e3o do presidente da Rep\u00fablica, a\u00a0<a title=\"https:\/\/www.estadao.com.br\/politica\/ao-vivo-jorge-messias-analise-no-senado-para-vaga-stf\/\" href=\"https:\/\/www.estadao.com.br\/politica\/ao-vivo-jorge-messias-analise-no-senado-para-vaga-stf\/\" target=\"_blank\" rel=\"noopener\">rejei\u00e7\u00e3o de Jorge Messias \u00e0 vaga de ministro da STF<\/a>\u00a0mostra que houve um alinhamento claro dos senadores com o sentimento da popula\u00e7\u00e3o em rela\u00e7\u00e3o \u00e0 Corte.<\/p>\n<p class=\"styles__ParagraphStyled-sc-6adecn-0 geGWDE theme-default \" style=\"text-align: justify;\" data-component-name=\"paragraph\"><strong>Hoje, o Supremo \u00e9 amplamente desaprovado pelos brasileiros.<\/strong><\/p>\n<p class=\"styles__ParagraphStyled-sc-6adecn-0 geGWDE theme-default \" style=\"text-align: justify;\" data-component-name=\"paragraph\">Nas redes, segundo estudo da AP Exata Intelig\u00eancia em Dados, nos \u00faltimos cinco dias, 70,1% das men\u00e7\u00f5es \u00e0 Corte e aos ministros foram negativas.<\/p>\n<p class=\"styles__ParagraphStyled-sc-6adecn-0 geGWDE theme-default \" style=\"text-align: justify;\" data-component-name=\"paragraph\">\u00c9 um n\u00famero <strong>avassalador<\/strong> para uma institui\u00e7\u00e3o que deveria estar entre as de maior confian\u00e7a no Pa\u00eds.<\/p>\n<p style=\"text-align: justify;\">\u00c9 certo que grande parte da rejei\u00e7\u00e3o vem de eleitores de direita, que acreditam em um alinhamento do STF com o governo.<\/p>\n<p style=\"text-align: justify;\">Mas h\u00e1 uma parcela expressiva da popula\u00e7\u00e3o, nos mais diversos espectros ideol\u00f3gicos, que entende que o Supremo se transformou em uma casa marcada por magistrados com liga\u00e7\u00f5es pol\u00edticas question\u00e1veis e envolvidos em controv\u00e9rsias e esc\u00e2ndalos graves.<\/p>\n<p style=\"text-align: justify;\">Essa imagem corro\u00edda da Corte foi claramente negligenciada por Lula.<\/p>\n<p style=\"text-align: justify;\">Acreditando que articula\u00e7\u00f5es de bastidores garantiriam a entrada de Jorge Messias no seleto grupo de ministros, o presidente n\u00e3o ouviu o recado das ruas.<\/p>\n<p style=\"text-align: justify;\">Messias foi reprovado, sobretudo, pelo desgaste do Supremo.<\/p>\n<p style=\"text-align: justify;\">Por\u00a0<a title=\"Ir para p\u00e1gina do autor\" href=\"https:\/\/www.estadao.com.br\/autores\/sergio-denicoli\/\" data-component-name=\"pagina-autor\">Sergio Denicoli<\/a>, O Estad\u00e3o<\/p>\n<p style=\"text-align: justify;\"><span style=\"color: #444444;\"><span style=\"font-family: Ubuntu, Helvetica, Arial, sans-serif;\"><span style=\"font-size: large;\"><i><b>Continue em nossa companhia em:<\/b><\/i><\/span><\/span><\/span><span style=\"color: #444444;\"><span style=\"font-family: Montserrat;\"><span style=\"font-size: medium;\">\u00a0<\/span><\/span><\/span><a href=\"http:\/\/www.mspontocom.com.br\/\"><span style=\"color: #0000ff;\"><span style=\"font-family: Comic Sans MS, cursive;\"><span style=\"font-size: medium;\"><u>www.mspontocom.com.br<\/u><\/span><\/span><\/span><\/a><\/p>\n<\/div>\n<\/div>\n<\/div>\n","protected":false},"excerpt":{"rendered":"<p>Houve um alinhamento claro dos senadores com o sentimento da popula\u00e7\u00e3o em rela\u00e7\u00e3o \u00e0 Corte Mais do que um sinal de fraqueza do governo, incapaz de reunir votos suficientes no Senado\u00a0para aprovar a indica\u00e7\u00e3o do presidente da Rep\u00fablica, a\u00a0rejei\u00e7\u00e3o de Jorge Messias \u00e0 vaga de ministro da STF\u00a0mostra que houve um alinhamento claro dos senadores [&hellip;]<\/p>\n","protected":false},"author":2,"featured_media":208839,"comment_status":"open","ping_status":"open","sticky":false,"template":"","format":"standard","meta":{"_monsterinsights_skip_tracking":false,"_monsterinsights_sitenote_active":false,"_monsterinsights_sitenote_note":"","_monsterinsights_sitenote_category":0},"categories":[6,30260,2528,30259,12],"tags":[44570,41715,42244,3722,3014],"aioseo_notices":[],"_links":{"self":[{"href":"https:\/\/mspontocom.com.br\/site\/wp-json\/wp\/v2\/posts\/208830"}],"collection":[{"href":"https:\/\/mspontocom.com.br\/site\/wp-json\/wp\/v2\/posts"}],"about":[{"href":"https:\/\/mspontocom.com.br\/site\/wp-json\/wp\/v2\/types\/post"}],"author":[{"embeddable":true,"href":"https:\/\/mspontocom.com.br\/site\/wp-json\/wp\/v2\/users\/2"}],"replies":[{"embeddable":true,"href":"https:\/\/mspontocom.com.br\/site\/wp-json\/wp\/v2\/comments?post=208830"}],"version-history":[{"count":2,"href":"https:\/\/mspontocom.com.br\/site\/wp-json\/wp\/v2\/posts\/208830\/revisions"}],"predecessor-version":[{"id":208840,"href":"https:\/\/mspontocom.com.br\/site\/wp-json\/wp\/v2\/posts\/208830\/revisions\/208840"}],"wp:featuredmedia":[{"embeddable":true,"href":"https:\/\/mspontocom.com.br\/site\/wp-json\/wp\/v2\/media\/208839"}],"wp:attachment":[{"href":"https:\/\/mspontocom.com.br\/site\/wp-json\/wp\/v2\/media?parent=208830"}],"wp:term":[{"taxonomy":"category","embeddable":true,"href":"https:\/\/mspontocom.com.br\/site\/wp-json\/wp\/v2\/categories?post=208830"},{"taxonomy":"post_tag","embeddable":true,"href":"https:\/\/mspontocom.com.br\/site\/wp-json\/wp\/v2\/tags?post=208830"}],"curies":[{"name":"wp","href":"https:\/\/api.w.org\/{rel}","templated":true}]}}