{"id":208912,"date":"2026-05-03T07:58:05","date_gmt":"2026-05-03T11:58:05","guid":{"rendered":"https:\/\/mspontocom.com.br\/site\/?p=208912"},"modified":"2026-05-03T07:58:05","modified_gmt":"2026-05-03T11:58:05","slug":"marina-defende-penas-maiores-para-condenados-pelo-8-de-janeiro","status":"publish","type":"post","link":"https:\/\/mspontocom.com.br\/site\/marina-defende-penas-maiores-para-condenados-pelo-8-de-janeiro\/","title":{"rendered":"Marina defende penas maiores para condenados pelo 8 de Janeiro"},"content":{"rendered":"<p style=\"text-align: justify;\"><img loading=\"lazy\" class=\"alignnone size-full wp-image-208913\" src=\"http:\/\/mspontocom.com.br\/site\/wp-content\/uploads\/2026\/05\/site-marina-defende-penas-maiores-para-condenados-pelo-8-de-janeiro-marina.jpeg\" alt=\"\" width=\"970\" height=\"600\" srcset=\"https:\/\/mspontocom.com.br\/site\/wp-content\/uploads\/2026\/05\/site-marina-defende-penas-maiores-para-condenados-pelo-8-de-janeiro-marina.jpeg 970w, https:\/\/mspontocom.com.br\/site\/wp-content\/uploads\/2026\/05\/site-marina-defende-penas-maiores-para-condenados-pelo-8-de-janeiro-marina-260x161.jpeg 260w, https:\/\/mspontocom.com.br\/site\/wp-content\/uploads\/2026\/05\/site-marina-defende-penas-maiores-para-condenados-pelo-8-de-janeiro-marina-768x475.jpeg 768w\" sizes=\"(max-width: 970px) 100vw, 970px\" \/>A ministra do Meio Ambiente,<strong> Marina Silva<\/strong> (Rede), afirmou\u00a0 que a pena para os envolvidos nos ataques de 8 de Janeiro<strong> \u201cdeveria ser maior\u201d.<\/strong><\/p>\n<p style=\"text-align: justify;\">A declara\u00e7\u00e3o foi feita durante ato do Dia do Trabalhador na Pra\u00e7a Roosevelt, em S\u00e3o Paulo.<\/p>\n<blockquote><p><em>&#8220;No Congresso Nacional, uma vergonha. Aqueles que atacaram a nossa democracia, que temem a nossa soberania, querendo diminuir a pena com um discurso falso, hip\u00f3crita, de que \u00e9 por aquele coitado que n\u00e3o sabia o que estava fazendo\u201d, afirmou Marina.<\/em><\/p><\/blockquote>\n<p style=\"text-align: justify;\">\u201cA pena para eles n\u00e3o deveria ser menor, deveria ser maior.\u201d Ao fim do discurso, a ministra tamb\u00e9m gritou \u201csem anistia\u201d.<\/p>\n<h2 style=\"text-align: justify;\">Haddad e a dosimetria<\/h2>\n<p style=\"text-align: justify;\">Fernando Haddad, que deve disputar o governo de S\u00e3o Paulo, disse que a aprova\u00e7\u00e3o do PL da Dosimetria \u00e9 fruto de um acordo pela impunidade no pa\u00eds.<\/p>\n<blockquote><p><em>\u201cEu compartilho com os analistas que eu tenho lido nos jornais de que por tr\u00e1s dessa derrota tinha uma pretens\u00e3o de um grande acordo em torno da impunidade daqueles respons\u00e1veis por alguns esc\u00e2ndalos recentes no Brasil\u201d, afirmou.<\/em><\/p><\/blockquote>\n<p style=\"text-align: justify;\">\n","protected":false},"excerpt":{"rendered":"<p>A ministra do Meio Ambiente, Marina Silva (Rede), afirmou\u00a0 que a pena para os envolvidos nos ataques de 8 de Janeiro \u201cdeveria ser maior\u201d. A declara\u00e7\u00e3o foi feita durante ato do Dia do Trabalhador na Pra\u00e7a Roosevelt, em S\u00e3o Paulo. &#8220;No Congresso Nacional, uma vergonha. Aqueles que atacaram a nossa democracia, que temem a nossa [&hellip;]<\/p>\n","protected":false},"author":2,"featured_media":208913,"comment_status":"open","ping_status":"open","sticky":false,"template":"","format":"standard","meta":{"_monsterinsights_skip_tracking":false,"_monsterinsights_sitenote_active":false,"_monsterinsights_sitenote_note":"","_monsterinsights_sitenote_category":0},"categories":[6,30260,30259,12],"tags":[39051,25122,24612,33410,18105,7658],"aioseo_notices":[],"_links":{"self":[{"href":"https:\/\/mspontocom.com.br\/site\/wp-json\/wp\/v2\/posts\/208912"}],"collection":[{"href":"https:\/\/mspontocom.com.br\/site\/wp-json\/wp\/v2\/posts"}],"about":[{"href":"https:\/\/mspontocom.com.br\/site\/wp-json\/wp\/v2\/types\/post"}],"author":[{"embeddable":true,"href":"https:\/\/mspontocom.com.br\/site\/wp-json\/wp\/v2\/users\/2"}],"replies":[{"embeddable":true,"href":"https:\/\/mspontocom.com.br\/site\/wp-json\/wp\/v2\/comments?post=208912"}],"version-history":[{"count":1,"href":"https:\/\/mspontocom.com.br\/site\/wp-json\/wp\/v2\/posts\/208912\/revisions"}],"predecessor-version":[{"id":208914,"href":"https:\/\/mspontocom.com.br\/site\/wp-json\/wp\/v2\/posts\/208912\/revisions\/208914"}],"wp:featuredmedia":[{"embeddable":true,"href":"https:\/\/mspontocom.com.br\/site\/wp-json\/wp\/v2\/media\/208913"}],"wp:attachment":[{"href":"https:\/\/mspontocom.com.br\/site\/wp-json\/wp\/v2\/media?parent=208912"}],"wp:term":[{"taxonomy":"category","embeddable":true,"href":"https:\/\/mspontocom.com.br\/site\/wp-json\/wp\/v2\/categories?post=208912"},{"taxonomy":"post_tag","embeddable":true,"href":"https:\/\/mspontocom.com.br\/site\/wp-json\/wp\/v2\/tags?post=208912"}],"curies":[{"name":"wp","href":"https:\/\/api.w.org\/{rel}","templated":true}]}}