{"id":208915,"date":"2026-05-03T08:12:31","date_gmt":"2026-05-03T12:12:31","guid":{"rendered":"https:\/\/mspontocom.com.br\/site\/?p=208915"},"modified":"2026-05-03T08:13:32","modified_gmt":"2026-05-03T12:13:32","slug":"sergio-moro-ajuda-bolsonaro-a-reduzir-pena-do-8-1","status":"publish","type":"post","link":"https:\/\/mspontocom.com.br\/site\/sergio-moro-ajuda-bolsonaro-a-reduzir-pena-do-8-1\/","title":{"rendered":"Sergio Moro ajuda Bolsonaro a reduzir pena do 8\/1"},"content":{"rendered":"<p><img loading=\"lazy\" class=\"size-full wp-image-208916\" src=\"http:\/\/mspontocom.com.br\/site\/wp-content\/uploads\/2026\/05\/site-sergio-moro-ajuda-bolsonaro-a-reduzir-pena-do-81-bolsonaro-moro-640x372-1.jpg\" alt=\"\" width=\"640\" height=\"372\" srcset=\"https:\/\/mspontocom.com.br\/site\/wp-content\/uploads\/2026\/05\/site-sergio-moro-ajuda-bolsonaro-a-reduzir-pena-do-81-bolsonaro-moro-640x372-1.jpg 640w, https:\/\/mspontocom.com.br\/site\/wp-content\/uploads\/2026\/05\/site-sergio-moro-ajuda-bolsonaro-a-reduzir-pena-do-81-bolsonaro-moro-640x372-1-260x151.jpg 260w\" sizes=\"(max-width: 640px) 100vw, 640px\" \/><\/p>\n<p style=\"text-align: justify;\">A bancada federal do Paran\u00e1 colocou o estado na linha de frente da derrubada do veto do presidente Lula (PT) ao Projeto de Lei (PL) da Dosimetria: os tr\u00eas senadores paranaenses e 21 dos 30 deputados federais votaram para abrir caminho \u00e0 redu\u00e7\u00e3o de penas de condenados pelos atos de 8 de Janeiro e pela suposta tentativa de golpe de Estado.<\/p>\n<p style=\"text-align: justify;\">O Congresso Nacional derrubou o veto na quinta-feira (30).<\/p>\n<p style=\"text-align: justify;\">O placar foi de 318 a 144 na C\u00e2mara, com 5 absten\u00e7\u00f5es, e de 49 a 24 no Senado.<\/p>\n<p style=\"text-align: justify;\">No Paran\u00e1, a vota\u00e7\u00e3o juntou nomes que j\u00e1 se movimentam na sucess\u00e3o estadual de 2026.<\/p>\n<p style=\"text-align: justify;\">O senador<strong> Sergio Moro<\/strong> (PL) votou pela derrubada do veto e comemorou nas redes sociais.<\/p>\n<blockquote>\n<p style=\"text-align: justify;\"><span style=\"font-size: 14pt;\"><em> \u201cDerrubado o veto cruel de Lula contra o PL da dosimetria. Vit\u00f3ria da justi\u00e7a para os condenados a penas excessivas no 8\/1\u201d, escreveu o ex-juiz da Lava Jato.<\/em><\/span><\/p>\n<\/blockquote>\n<p>Foto: Marcos Corr\u00eaa\/PR<\/p>\n","protected":false},"excerpt":{"rendered":"<p>A bancada federal do Paran\u00e1 colocou o estado na linha de frente da derrubada do veto do presidente Lula (PT) ao Projeto de Lei (PL) da Dosimetria: os tr\u00eas senadores paranaenses e 21 dos 30 deputados federais votaram para abrir caminho \u00e0 redu\u00e7\u00e3o de penas de condenados pelos atos de 8 de Janeiro e pela [&hellip;]<\/p>\n","protected":false},"author":2,"featured_media":208917,"comment_status":"open","ping_status":"open","sticky":false,"template":"","format":"standard","meta":{"_monsterinsights_skip_tracking":false,"_monsterinsights_sitenote_active":false,"_monsterinsights_sitenote_note":"","_monsterinsights_sitenote_category":0},"categories":[6,30260,2528,30259,12],"tags":[7909,21017,44584,31831,20193],"aioseo_notices":[],"_links":{"self":[{"href":"https:\/\/mspontocom.com.br\/site\/wp-json\/wp\/v2\/posts\/208915"}],"collection":[{"href":"https:\/\/mspontocom.com.br\/site\/wp-json\/wp\/v2\/posts"}],"about":[{"href":"https:\/\/mspontocom.com.br\/site\/wp-json\/wp\/v2\/types\/post"}],"author":[{"embeddable":true,"href":"https:\/\/mspontocom.com.br\/site\/wp-json\/wp\/v2\/users\/2"}],"replies":[{"embeddable":true,"href":"https:\/\/mspontocom.com.br\/site\/wp-json\/wp\/v2\/comments?post=208915"}],"version-history":[{"count":1,"href":"https:\/\/mspontocom.com.br\/site\/wp-json\/wp\/v2\/posts\/208915\/revisions"}],"predecessor-version":[{"id":208918,"href":"https:\/\/mspontocom.com.br\/site\/wp-json\/wp\/v2\/posts\/208915\/revisions\/208918"}],"wp:featuredmedia":[{"embeddable":true,"href":"https:\/\/mspontocom.com.br\/site\/wp-json\/wp\/v2\/media\/208917"}],"wp:attachment":[{"href":"https:\/\/mspontocom.com.br\/site\/wp-json\/wp\/v2\/media?parent=208915"}],"wp:term":[{"taxonomy":"category","embeddable":true,"href":"https:\/\/mspontocom.com.br\/site\/wp-json\/wp\/v2\/categories?post=208915"},{"taxonomy":"post_tag","embeddable":true,"href":"https:\/\/mspontocom.com.br\/site\/wp-json\/wp\/v2\/tags?post=208915"}],"curies":[{"name":"wp","href":"https:\/\/api.w.org\/{rel}","templated":true}]}}